{"id":1420,"date":"2024-01-31T21:54:32","date_gmt":"2024-01-31T20:54:32","guid":{"rendered":"http:\/\/test.wilsdruffer-schmalspurnetz.de\/jahresrueckblick-2023-2\/"},"modified":"2024-02-04T11:15:25","modified_gmt":"2024-02-04T10:15:25","slug":"40-jahre-igv","status":"publish","type":"post","link":"https:\/\/www.wilsdruffer-schmalspurnetz.de\/en\/40-jahre-igv\/","title":{"rendered":"40. Jahrestag der Vereinsgr\u00fcndung"},"content":{"rendered":"<div id=\"cs-content\" class=\"cs-content\"><div class=\"x-section e1420-e1 m13g-0\"><div class=\"x-row x-container max width e1420-e2 m13g-1 m13g-2\"><div class=\"x-row-inner\"><div class=\"x-col e1420-e3 m13g-3\"><span class=\"x-image e1420-e4 m13g-4 m13g-5\"><img decoding=\"async\" src=\"https:\/\/www.wilsdruffer-schmalspurnetz.de\/wp-content\/uploads\/2024\/01\/263373789_4575525119200438_731576791211651497_n.jpg\" width=\"960\" height=\"598\" alt=\"Image\" loading=\"lazy\"><\/span><span class=\"x-image e1420-e5 m13g-4 m13g-6\"><img decoding=\"async\" src=\"https:\/\/www.wilsdruffer-schmalspurnetz.de\/wp-content\/uploads\/2021\/04\/96.jpg\" width=\"1200\" height=\"824\" alt=\"Image\" loading=\"lazy\"><\/span><\/div><div class=\"x-col e1420-e6 m13g-3\"><div class=\"x-text x-content e1420-e7 m13g-7\"><p>Der Gr\u00fcndungstag der <a href=\"https:\/\/www.wilsdruffer-schmalspurnetz.de\/en\/ig-verkehrsgeschichte\/\">Interessengemeinschaft Verkehrsgeschichte Wilsdruff<\/a> j\u00e4hrte sich am 31. Januar 2024 zum 40. Mal. Dieses freudige Ereignis wollen wir zum Anlass nehmen, auf unsere Anf\u00e4nge zur\u00fcckzublicken. Im Januar 1984 ruhte der Verkehr im einstmals bedeutenden Wilsdruffer Schmalspurnetz seit \u00fcber einem Jahrzehnt. Die Strecken waren zwar demontiert, jedoch gab es noch vereinzelte Reste aus der Betriebszeit wie Bahnhofsgeb\u00e4ude und Wagenk\u00e4sten, die dem Verfall preisgegeben waren. In dieser Situation fanden sich einige Eisenbahnfreunde zusammen, um noch existierende Sachzeugen der Wilsdruffer Eisenbahngeschichte zu bewahren.<\/p>\n<p>So wurde nach langen Verhandlungen, und durchaus kritisch be\u00e4ugt, ein Nutzungsvertrag f\u00fcr das Ensemble des ehemaligen Haltepunkts Wilsdruff abgeschlossen und mit der Aufarbeitung des Gel\u00e4ndes zur historischen Schauanlage begonnen.<\/p><\/div><\/div><\/div><\/div><\/div><\/div>","protected":false},"excerpt":{"rendered":"<p> &#8230; <\/p>\n<div><a href=\"https:\/\/www.wilsdruffer-schmalspurnetz.de\/en\/40-jahre-igv\/\" class=\"more-link\">Read More<\/a><\/div>","protected":false},"author":1,"featured_media":456,"comment_status":"closed","ping_status":"closed","sticky":false,"template":"","format":"standard","meta":{"footnotes":""},"categories":[1],"tags":[],"class_list":["post-1420","post","type-post","status-publish","format-standard","has-post-thumbnail","hentry","category-allgemein"],"aioseo_notices":[],"aioseo_head":"\n\t\t<!-- All in One SEO 5.0.0.1 - aioseo.com -->\n\t<meta name=\"robots\" content=\"max-image-preview:large\" \/>\n\t<meta name=\"author\" content=\"jurf\"\/>\n\t<link rel=\"canonical\" href=\"https:\/\/www.wilsdruffer-schmalspurnetz.de\/en\/40-jahre-igv\/\" \/>\n\t<meta name=\"generator\" content=\"All in One SEO (AIOSEO) 5.0.0.1\" \/>\n\t\t<meta property=\"og:locale\" content=\"en_GB\" \/>\n\t\t<meta property=\"og:site_name\" content=\"Wilsdruffer Schmalspurnetz - Erinnerungen an \u00fcber 100 km Schmalspurbahnen in Mittelsachsen\" \/>\n\t\t<meta property=\"og:type\" content=\"article\" \/>\n\t\t<meta property=\"og:title\" content=\"40. Jahrestag der Vereinsgr\u00fcndung - Wilsdruffer Schmalspurnetz\" \/>\n\t\t<meta property=\"og:url\" content=\"https:\/\/www.wilsdruffer-schmalspurnetz.de\/en\/40-jahre-igv\/\" \/>\n\t\t<meta property=\"article:published_time\" content=\"2024-01-31T20:54:32+00:00\" \/>\n\t\t<meta property=\"article:modified_time\" content=\"2024-02-04T10:15:25+00:00\" \/>\n\t\t<meta property=\"article:publisher\" content=\"https:\/\/www.facebook.com\/people\/IG-Verkehrsgeschichte-Wilsdruff-eV\/100064378643424\/\" \/>\n\t\t<meta name=\"twitter:card\" content=\"summary_large_image\" \/>\n\t\t<meta name=\"twitter:title\" content=\"40. Jahrestag der Vereinsgr\u00fcndung - Wilsdruffer Schmalspurnetz\" \/>\n\t\t<script type=\"application\/ld+json\" class=\"aioseo-schema\">\n\t\t\t{\"@context\":\"https:\\\/\\\/schema.org\",\"@graph\":[{\"@type\":\"BlogPosting\",\"@id\":\"https:\\\/\\\/www.wilsdruffer-schmalspurnetz.de\\\/en\\\/40-jahre-igv\\\/#blogposting\",\"name\":\"40. Jahrestag der Vereinsgr\\u00fcndung - Wilsdruffer Schmalspurnetz\",\"headline\":\"40. Jahrestag der Vereinsgr\\u00fcndung\",\"author\":{\"@id\":\"https:\\\/\\\/www.wilsdruffer-schmalspurnetz.de\\\/en\\\/author\\\/jurf\\\/#author\"},\"publisher\":{\"@id\":\"https:\\\/\\\/www.wilsdruffer-schmalspurnetz.de\\\/en\\\/#organization\"},\"image\":{\"@type\":\"ImageObject\",\"url\":\"https:\\\/\\\/www.wilsdruffer-schmalspurnetz.de\\\/wp-content\\\/uploads\\\/2021\\\/04\\\/96.jpg\",\"width\":1200,\"height\":824,\"caption\":\"Abladen des Wagenkastens des Mannschaftswagens 979-002, 8. November 1986, Foto:  P. Wunderwald\"},\"datePublished\":\"2024-01-31T21:54:32+01:00\",\"dateModified\":\"2024-02-04T11:15:25+01:00\",\"inLanguage\":\"en-GB\",\"mainEntityOfPage\":{\"@id\":\"https:\\\/\\\/www.wilsdruffer-schmalspurnetz.de\\\/en\\\/40-jahre-igv\\\/#webpage\"},\"isPartOf\":{\"@id\":\"https:\\\/\\\/www.wilsdruffer-schmalspurnetz.de\\\/en\\\/40-jahre-igv\\\/#webpage\"},\"articleSection\":\"Allgemein\"},{\"@type\":\"BreadcrumbList\",\"@id\":\"https:\\\/\\\/www.wilsdruffer-schmalspurnetz.de\\\/en\\\/40-jahre-igv\\\/#breadcrumblist\",\"itemListElement\":[{\"@type\":\"ListItem\",\"@id\":\"https:\\\/\\\/www.wilsdruffer-schmalspurnetz.de\\\/en#listItem\",\"position\":1,\"name\":\"Zu Hause\",\"item\":\"https:\\\/\\\/www.wilsdruffer-schmalspurnetz.de\\\/en\",\"nextItem\":{\"@type\":\"ListItem\",\"@id\":\"https:\\\/\\\/www.wilsdruffer-schmalspurnetz.de\\\/en\\\/category\\\/allgemein\\\/#listItem\",\"name\":\"Allgemein\"}},{\"@type\":\"ListItem\",\"@id\":\"https:\\\/\\\/www.wilsdruffer-schmalspurnetz.de\\\/en\\\/category\\\/allgemein\\\/#listItem\",\"position\":2,\"name\":\"Allgemein\",\"item\":\"https:\\\/\\\/www.wilsdruffer-schmalspurnetz.de\\\/en\\\/category\\\/allgemein\\\/\",\"nextItem\":{\"@type\":\"ListItem\",\"@id\":\"https:\\\/\\\/www.wilsdruffer-schmalspurnetz.de\\\/en\\\/40-jahre-igv\\\/#listItem\",\"name\":\"40. Jahrestag der Vereinsgr\\u00fcndung\"},\"previousItem\":{\"@type\":\"ListItem\",\"@id\":\"https:\\\/\\\/www.wilsdruffer-schmalspurnetz.de\\\/en#listItem\",\"name\":\"Zu Hause\"}},{\"@type\":\"ListItem\",\"@id\":\"https:\\\/\\\/www.wilsdruffer-schmalspurnetz.de\\\/en\\\/40-jahre-igv\\\/#listItem\",\"position\":3,\"name\":\"40. Jahrestag der Vereinsgr\\u00fcndung\",\"previousItem\":{\"@type\":\"ListItem\",\"@id\":\"https:\\\/\\\/www.wilsdruffer-schmalspurnetz.de\\\/en\\\/category\\\/allgemein\\\/#listItem\",\"name\":\"Allgemein\"}}]},{\"@type\":\"Organization\",\"@id\":\"https:\\\/\\\/www.wilsdruffer-schmalspurnetz.de\\\/en\\\/#organization\",\"name\":\"Wilsdruffer Schmalspurnetz\",\"description\":\"Erinnerungen an \\u00fcber 100 km Schmalspurbahnen in Mittelsachsen\",\"url\":\"https:\\\/\\\/www.wilsdruffer-schmalspurnetz.de\\\/en\\\/\",\"logo\":{\"@type\":\"ImageObject\",\"url\":\"https:\\\/\\\/www.wilsdruffer-schmalspurnetz.de\\\/wp-content\\\/uploads\\\/2024\\\/01\\\/favicon.gif\",\"@id\":\"https:\\\/\\\/www.wilsdruffer-schmalspurnetz.de\\\/en\\\/40-jahre-igv\\\/#organizationLogo\",\"width\":32,\"height\":21},\"image\":{\"@id\":\"https:\\\/\\\/www.wilsdruffer-schmalspurnetz.de\\\/en\\\/40-jahre-igv\\\/#organizationLogo\"},\"sameAs\":[\"https:\\\/\\\/www.facebook.com\\\/people\\\/IG-Verkehrsgeschichte-Wilsdruff-eV\\\/100064378643424\\\/\",\"https:\\\/\\\/www.instagram.com\\\/igverkehrsgeschichte_wilsdruff\\\/\"]},{\"@type\":\"Person\",\"@id\":\"https:\\\/\\\/www.wilsdruffer-schmalspurnetz.de\\\/en\\\/author\\\/jurf\\\/#author\",\"url\":\"https:\\\/\\\/www.wilsdruffer-schmalspurnetz.de\\\/en\\\/author\\\/jurf\\\/\",\"name\":\"jurf\"},{\"@type\":\"WebPage\",\"@id\":\"https:\\\/\\\/www.wilsdruffer-schmalspurnetz.de\\\/en\\\/40-jahre-igv\\\/#webpage\",\"url\":\"https:\\\/\\\/www.wilsdruffer-schmalspurnetz.de\\\/en\\\/40-jahre-igv\\\/\",\"name\":\"40. Jahrestag der Vereinsgr\\u00fcndung - Wilsdruffer Schmalspurnetz\",\"inLanguage\":\"en-GB\",\"isPartOf\":{\"@id\":\"https:\\\/\\\/www.wilsdruffer-schmalspurnetz.de\\\/en\\\/#website\"},\"breadcrumb\":{\"@id\":\"https:\\\/\\\/www.wilsdruffer-schmalspurnetz.de\\\/en\\\/40-jahre-igv\\\/#breadcrumblist\"},\"author\":{\"@id\":\"https:\\\/\\\/www.wilsdruffer-schmalspurnetz.de\\\/en\\\/author\\\/jurf\\\/#author\"},\"creator\":{\"@id\":\"https:\\\/\\\/www.wilsdruffer-schmalspurnetz.de\\\/en\\\/author\\\/jurf\\\/#author\"},\"image\":{\"@type\":\"ImageObject\",\"url\":\"https:\\\/\\\/www.wilsdruffer-schmalspurnetz.de\\\/wp-content\\\/uploads\\\/2021\\\/04\\\/96.jpg\",\"@id\":\"https:\\\/\\\/www.wilsdruffer-schmalspurnetz.de\\\/en\\\/40-jahre-igv\\\/#mainImage\",\"width\":1200,\"height\":824,\"caption\":\"Abladen des Wagenkastens des Mannschaftswagens 979-002, 8. November 1986, Foto:  P. Wunderwald\"},\"primaryImageOfPage\":{\"@id\":\"https:\\\/\\\/www.wilsdruffer-schmalspurnetz.de\\\/en\\\/40-jahre-igv\\\/#mainImage\"},\"datePublished\":\"2024-01-31T21:54:32+01:00\",\"dateModified\":\"2024-02-04T11:15:25+01:00\"},{\"@type\":\"WebSite\",\"@id\":\"https:\\\/\\\/www.wilsdruffer-schmalspurnetz.de\\\/en\\\/#website\",\"url\":\"https:\\\/\\\/www.wilsdruffer-schmalspurnetz.de\\\/en\\\/\",\"name\":\"Wilsdruffer Schmalspurnetz\",\"description\":\"Erinnerungen an \\u00fcber 100 km Schmalspurbahnen in Mittelsachsen\",\"inLanguage\":\"en-GB\",\"publisher\":{\"@id\":\"https:\\\/\\\/www.wilsdruffer-schmalspurnetz.de\\\/en\\\/#organization\"}}]}\n\t\t<\/script>\n\t\t<!-- All in One SEO -->\n\n","aioseo_head_json":{"title":"40. Jahrestag der Vereinsgr\u00fcndung - Wilsdruffer Schmalspurnetz","description":"","canonical_url":"https:\/\/www.wilsdruffer-schmalspurnetz.de\/en\/40-jahre-igv\/","robots":"max-image-preview:large","keywords":"","webmasterTools":{"miscellaneous":""},"schema":{"@context":"https:\/\/schema.org","@graph":[{"@type":"BlogPosting","@id":"https:\/\/www.wilsdruffer-schmalspurnetz.de\/en\/40-jahre-igv\/#blogposting","name":"40. Jahrestag der Vereinsgr\u00fcndung - Wilsdruffer Schmalspurnetz","headline":"40. Jahrestag der Vereinsgr\u00fcndung","author":{"@id":"https:\/\/www.wilsdruffer-schmalspurnetz.de\/en\/author\/jurf\/#author"},"publisher":{"@id":"https:\/\/www.wilsdruffer-schmalspurnetz.de\/en\/#organization"},"image":{"@type":"ImageObject","url":"https:\/\/www.wilsdruffer-schmalspurnetz.de\/wp-content\/uploads\/2021\/04\/96.jpg","width":1200,"height":824,"caption":"Abladen des Wagenkastens des Mannschaftswagens 979-002, 8. November 1986, Foto:  P. Wunderwald"},"datePublished":"2024-01-31T21:54:32+01:00","dateModified":"2024-02-04T11:15:25+01:00","inLanguage":"en-GB","mainEntityOfPage":{"@id":"https:\/\/www.wilsdruffer-schmalspurnetz.de\/en\/40-jahre-igv\/#webpage"},"isPartOf":{"@id":"https:\/\/www.wilsdruffer-schmalspurnetz.de\/en\/40-jahre-igv\/#webpage"},"articleSection":"Allgemein"},{"@type":"BreadcrumbList","@id":"https:\/\/www.wilsdruffer-schmalspurnetz.de\/en\/40-jahre-igv\/#breadcrumblist","itemListElement":[{"@type":"ListItem","@id":"https:\/\/www.wilsdruffer-schmalspurnetz.de\/en#listItem","position":1,"name":"Zu Hause","item":"https:\/\/www.wilsdruffer-schmalspurnetz.de\/en","nextItem":{"@type":"ListItem","@id":"https:\/\/www.wilsdruffer-schmalspurnetz.de\/en\/category\/allgemein\/#listItem","name":"Allgemein"}},{"@type":"ListItem","@id":"https:\/\/www.wilsdruffer-schmalspurnetz.de\/en\/category\/allgemein\/#listItem","position":2,"name":"Allgemein","item":"https:\/\/www.wilsdruffer-schmalspurnetz.de\/en\/category\/allgemein\/","nextItem":{"@type":"ListItem","@id":"https:\/\/www.wilsdruffer-schmalspurnetz.de\/en\/40-jahre-igv\/#listItem","name":"40. Jahrestag der Vereinsgr\u00fcndung"},"previousItem":{"@type":"ListItem","@id":"https:\/\/www.wilsdruffer-schmalspurnetz.de\/en#listItem","name":"Zu Hause"}},{"@type":"ListItem","@id":"https:\/\/www.wilsdruffer-schmalspurnetz.de\/en\/40-jahre-igv\/#listItem","position":3,"name":"40. Jahrestag der Vereinsgr\u00fcndung","previousItem":{"@type":"ListItem","@id":"https:\/\/www.wilsdruffer-schmalspurnetz.de\/en\/category\/allgemein\/#listItem","name":"Allgemein"}}]},{"@type":"Organization","@id":"https:\/\/www.wilsdruffer-schmalspurnetz.de\/en\/#organization","name":"Wilsdruffer Schmalspurnetz","description":"Erinnerungen an \u00fcber 100 km Schmalspurbahnen in Mittelsachsen","url":"https:\/\/www.wilsdruffer-schmalspurnetz.de\/en\/","logo":{"@type":"ImageObject","url":"https:\/\/www.wilsdruffer-schmalspurnetz.de\/wp-content\/uploads\/2024\/01\/favicon.gif","@id":"https:\/\/www.wilsdruffer-schmalspurnetz.de\/en\/40-jahre-igv\/#organizationLogo","width":32,"height":21},"image":{"@id":"https:\/\/www.wilsdruffer-schmalspurnetz.de\/en\/40-jahre-igv\/#organizationLogo"},"sameAs":["https:\/\/www.facebook.com\/people\/IG-Verkehrsgeschichte-Wilsdruff-eV\/100064378643424\/","https:\/\/www.instagram.com\/igverkehrsgeschichte_wilsdruff\/"]},{"@type":"Person","@id":"https:\/\/www.wilsdruffer-schmalspurnetz.de\/en\/author\/jurf\/#author","url":"https:\/\/www.wilsdruffer-schmalspurnetz.de\/en\/author\/jurf\/","name":"jurf"},{"@type":"WebPage","@id":"https:\/\/www.wilsdruffer-schmalspurnetz.de\/en\/40-jahre-igv\/#webpage","url":"https:\/\/www.wilsdruffer-schmalspurnetz.de\/en\/40-jahre-igv\/","name":"40. Jahrestag der Vereinsgr\u00fcndung - Wilsdruffer Schmalspurnetz","inLanguage":"en-GB","isPartOf":{"@id":"https:\/\/www.wilsdruffer-schmalspurnetz.de\/en\/#website"},"breadcrumb":{"@id":"https:\/\/www.wilsdruffer-schmalspurnetz.de\/en\/40-jahre-igv\/#breadcrumblist"},"author":{"@id":"https:\/\/www.wilsdruffer-schmalspurnetz.de\/en\/author\/jurf\/#author"},"creator":{"@id":"https:\/\/www.wilsdruffer-schmalspurnetz.de\/en\/author\/jurf\/#author"},"image":{"@type":"ImageObject","url":"https:\/\/www.wilsdruffer-schmalspurnetz.de\/wp-content\/uploads\/2021\/04\/96.jpg","@id":"https:\/\/www.wilsdruffer-schmalspurnetz.de\/en\/40-jahre-igv\/#mainImage","width":1200,"height":824,"caption":"Abladen des Wagenkastens des Mannschaftswagens 979-002, 8. November 1986, Foto:  P. Wunderwald"},"primaryImageOfPage":{"@id":"https:\/\/www.wilsdruffer-schmalspurnetz.de\/en\/40-jahre-igv\/#mainImage"},"datePublished":"2024-01-31T21:54:32+01:00","dateModified":"2024-02-04T11:15:25+01:00"},{"@type":"WebSite","@id":"https:\/\/www.wilsdruffer-schmalspurnetz.de\/en\/#website","url":"https:\/\/www.wilsdruffer-schmalspurnetz.de\/en\/","name":"Wilsdruffer Schmalspurnetz","description":"Erinnerungen an \u00fcber 100 km Schmalspurbahnen in Mittelsachsen","inLanguage":"en-GB","publisher":{"@id":"https:\/\/www.wilsdruffer-schmalspurnetz.de\/en\/#organization"}}]},"og:locale":"en_GB","og:site_name":"Wilsdruffer Schmalspurnetz - Erinnerungen an \u00fcber 100 km Schmalspurbahnen in Mittelsachsen","og:type":"article","og:title":"40. Jahrestag der Vereinsgr\u00fcndung - Wilsdruffer Schmalspurnetz","og:url":"https:\/\/www.wilsdruffer-schmalspurnetz.de\/en\/40-jahre-igv\/","article:published_time":"2024-01-31T20:54:32+00:00","article:modified_time":"2024-02-04T10:15:25+00:00","article:publisher":"https:\/\/www.facebook.com\/people\/IG-Verkehrsgeschichte-Wilsdruff-eV\/100064378643424\/","twitter:card":"summary_large_image","twitter:title":"40. Jahrestag der Vereinsgr\u00fcndung - Wilsdruffer Schmalspurnetz"},"aioseo_meta_data":{"post_id":"1420","title":null,"description":null,"keywords":null,"keyphrases":null,"primary_term":null,"canonical_url":null,"og_title":null,"og_description":null,"og_object_type":"default","og_image_type":"default","og_image_url":null,"og_image_width":null,"og_image_height":null,"og_image_custom_url":null,"og_image_custom_fields":null,"og_video":null,"og_custom_url":null,"og_article_section":null,"og_article_tags":null,"twitter_use_og":false,"twitter_card":"default","twitter_image_type":"default","twitter_image_url":null,"twitter_image_custom_url":null,"twitter_image_custom_fields":null,"twitter_title":null,"twitter_description":null,"schema":{"blockGraphs":[],"customGraphs":[],"default":{"data":{"Article":[],"Course":[],"Dataset":[],"FAQPage":[],"Movie":[],"Person":[],"Product":[],"ProductReview":[],"Car":[],"Recipe":[],"Service":[],"SoftwareApplication":[],"WebPage":[]},"graphName":"","isEnabled":true},"graphs":[]},"schema_type":"default","schema_type_options":null,"pillar_content":false,"robots_default":true,"robots_noindex":false,"robots_noarchive":false,"robots_nosnippet":false,"robots_nofollow":false,"robots_noimageindex":false,"robots_noodp":false,"robots_notranslate":false,"robots_max_snippet":null,"robots_max_videopreview":null,"robots_max_imagepreview":"large","priority":null,"frequency":null,"local_seo":null,"breadcrumb_settings":null,"limit_modified_date":false,"ai":null,"created":"2024-02-05 08:44:09","updated":"2026-01-02 12:05:16","focus_keyword":null,"additional_keywords":null,"truseo_locale":null,"seo_analyzer_scan_date":null},"aioseo_breadcrumb":"<div class=\"aioseo-breadcrumbs\"><span class=\"aioseo-breadcrumb\">\n\t\t\t<a href=\"https:\/\/www.wilsdruffer-schmalspurnetz.de\/en\" title=\"Zu Hause\">Zu Hause<\/a>\n\t\t<\/span><span class=\"aioseo-breadcrumb-separator\">&raquo;<\/span><span class=\"aioseo-breadcrumb\">\n\t\t\t<a href=\"https:\/\/www.wilsdruffer-schmalspurnetz.de\/en\/category\/allgemein\/\" title=\"Allgemein\">Allgemein<\/a>\n\t\t<\/span><span class=\"aioseo-breadcrumb-separator\">&raquo;<\/span><span class=\"aioseo-breadcrumb\">\n\t\t\t40. Jahrestag der Vereinsgr\u00fcndung\n\t\t<\/span><\/div>","aioseo_breadcrumb_json":[{"label":"Zu Hause","link":"https:\/\/www.wilsdruffer-schmalspurnetz.de\/en"},{"label":"Allgemein","link":"https:\/\/www.wilsdruffer-schmalspurnetz.de\/en\/category\/allgemein\/"},{"label":"40. Jahrestag der Vereinsgr\u00fcndung","link":"https:\/\/www.wilsdruffer-schmalspurnetz.de\/en\/40-jahre-igv\/"}],"_links":{"self":[{"href":"https:\/\/www.wilsdruffer-schmalspurnetz.de\/en\/wp-json\/wp\/v2\/posts\/1420","targetHints":{"allow":["GET"]}}],"collection":[{"href":"https:\/\/www.wilsdruffer-schmalspurnetz.de\/en\/wp-json\/wp\/v2\/posts"}],"about":[{"href":"https:\/\/www.wilsdruffer-schmalspurnetz.de\/en\/wp-json\/wp\/v2\/types\/post"}],"author":[{"embeddable":true,"href":"https:\/\/www.wilsdruffer-schmalspurnetz.de\/en\/wp-json\/wp\/v2\/users\/1"}],"replies":[{"embeddable":true,"href":"https:\/\/www.wilsdruffer-schmalspurnetz.de\/en\/wp-json\/wp\/v2\/comments?post=1420"}],"version-history":[{"count":8,"href":"https:\/\/www.wilsdruffer-schmalspurnetz.de\/en\/wp-json\/wp\/v2\/posts\/1420\/revisions"}],"predecessor-version":[{"id":1465,"href":"https:\/\/www.wilsdruffer-schmalspurnetz.de\/en\/wp-json\/wp\/v2\/posts\/1420\/revisions\/1465"}],"wp:featuredmedia":[{"embeddable":true,"href":"https:\/\/www.wilsdruffer-schmalspurnetz.de\/en\/wp-json\/wp\/v2\/media\/456"}],"wp:attachment":[{"href":"https:\/\/www.wilsdruffer-schmalspurnetz.de\/en\/wp-json\/wp\/v2\/media?parent=1420"}],"wp:term":[{"taxonomy":"category","embeddable":true,"href":"https:\/\/www.wilsdruffer-schmalspurnetz.de\/en\/wp-json\/wp\/v2\/categories?post=1420"},{"taxonomy":"post_tag","embeddable":true,"href":"https:\/\/www.wilsdruffer-schmalspurnetz.de\/en\/wp-json\/wp\/v2\/tags?post=1420"}],"curies":[{"name":"wp","href":"https:\/\/api.w.org\/{rel}","templated":true}]}}